{"id":168,"date":"2023-06-12T11:22:47","date_gmt":"2023-06-12T09:22:47","guid":{"rendered":"http:\/\/pipoinsilj.cluster020.hosting.ovh.net\/ivreequilibre\/?p=168"},"modified":"2023-07-31T20:17:43","modified_gmt":"2023-07-31T18:17:43","slug":"fete-de-fin-dannee","status":"publish","type":"post","link":"https:\/\/www.ivredequilibre.com\/index.php\/2023\/06\/12\/fete-de-fin-dannee\/","title":{"rendered":"F\u00eate de fin d&rsquo;ann\u00e9e &#8211; Samedi 17 juin 2023"},"content":{"rendered":"<p>&nbsp;<\/p>\n<p><img loading=\"lazy\" decoding=\"async\" class=\" wp-image-745 aligncenter\" src=\"http:\/\/pipoinsilj.cluster020.hosting.ovh.net\/ivreequilibre\/wp-content\/uploads\/2023\/06\/Fete-de-fin-dannee-1-300x251.png\" alt=\"\" width=\"855\" height=\"715\" srcset=\"https:\/\/www.ivredequilibre.com\/wp-content\/uploads\/2023\/06\/Fete-de-fin-dannee-1-300x251.png 300w, https:\/\/www.ivredequilibre.com\/wp-content\/uploads\/2023\/06\/Fete-de-fin-dannee-1-600x503.png 600w\" sizes=\"auto, (max-width: 855px) 100vw, 855px\" \/><\/p>\n<h1 style=\"text-align: center;\"><strong>Samedi 17 juin 2023<\/strong><\/h1>\n<p style=\"text-align: center;\">Merci pour cette belle journ\u00e9e de fin d&rsquo;ann\u00e9e !<\/p>\n<p style=\"text-align: center;\">L&rsquo;\u00e9cole Ivre d&rsquo;\u00e9quilibre a f\u00eat\u00e9 ses 2 ans et \u00e7a a \u00e9t\u00e9 une r\u00e9ussite.<br \/>\nUn <strong>spectacle<\/strong> re\u00e7u avec enthousiasme, un bar, une <strong>chasse au tr\u00e9sor<\/strong>, un concert du <strong>\u00ab\u00a0ZFO Collectif\u00a0\u00bb<\/strong>,<br \/>\nun spectacle de jongle feu de la troupe <strong>\u00ab\u00a0Comme des gosses\u00a0\u00bb<\/strong>.<br \/>\nNous vous avons propos\u00e9 plus de propositions que la premi\u00e8re ann\u00e9e et vous avez r\u00e9pondu pr\u00e9sent !<\/p>\n<p style=\"text-align: center;\">Vous \u00e9tiez nombreux\u00b7se\u00b7s, la salle \u00e9tait pleine.<br \/>\nOn s&rsquo;est promis que l&rsquo;ann\u00e9e prochaine on trouverait une solution plus adapt\u00e9 pour accueillir !<\/p>\n","protected":false},"excerpt":{"rendered":"<p>Samedi 17 juin 2023 Merci pour cette belle journ\u00e9e de fin d&rsquo;ann\u00e9e ! L&rsquo;\u00e9cole Ivre&#8230;<\/p>\n","protected":false},"author":1,"featured_media":745,"comment_status":"closed","ping_status":"closed","sticky":false,"template":"","format":"standard","meta":{"footnotes":""},"categories":[1],"tags":[],"class_list":["post-168","post","type-post","status-publish","format-standard","has-post-thumbnail","hentry","category-evenements"],"_links":{"self":[{"href":"https:\/\/www.ivredequilibre.com\/index.php\/wp-json\/wp\/v2\/posts\/168","targetHints":{"allow":["GET"]}}],"collection":[{"href":"https:\/\/www.ivredequilibre.com\/index.php\/wp-json\/wp\/v2\/posts"}],"about":[{"href":"https:\/\/www.ivredequilibre.com\/index.php\/wp-json\/wp\/v2\/types\/post"}],"author":[{"embeddable":true,"href":"https:\/\/www.ivredequilibre.com\/index.php\/wp-json\/wp\/v2\/users\/1"}],"replies":[{"embeddable":true,"href":"https:\/\/www.ivredequilibre.com\/index.php\/wp-json\/wp\/v2\/comments?post=168"}],"version-history":[{"count":16,"href":"https:\/\/www.ivredequilibre.com\/index.php\/wp-json\/wp\/v2\/posts\/168\/revisions"}],"predecessor-version":[{"id":1165,"href":"https:\/\/www.ivredequilibre.com\/index.php\/wp-json\/wp\/v2\/posts\/168\/revisions\/1165"}],"wp:featuredmedia":[{"embeddable":true,"href":"https:\/\/www.ivredequilibre.com\/index.php\/wp-json\/wp\/v2\/media\/745"}],"wp:attachment":[{"href":"https:\/\/www.ivredequilibre.com\/index.php\/wp-json\/wp\/v2\/media?parent=168"}],"wp:term":[{"taxonomy":"category","embeddable":true,"href":"https:\/\/www.ivredequilibre.com\/index.php\/wp-json\/wp\/v2\/categories?post=168"},{"taxonomy":"post_tag","embeddable":true,"href":"https:\/\/www.ivredequilibre.com\/index.php\/wp-json\/wp\/v2\/tags?post=168"}],"curies":[{"name":"wp","href":"https:\/\/api.w.org\/{rel}","templated":true}]}}